{"id":303,"date":"2026-04-25T18:20:48","date_gmt":"2026-04-25T16:20:48","guid":{"rendered":"https:\/\/yogcham-sangh-asso.fr\/?p=303"},"modified":"2026-04-25T19:34:34","modified_gmt":"2026-04-25T17:34:34","slug":"weekend-au-lac-du-der-sam-19-sept-dim-20-sept-marne-51","status":"publish","type":"post","link":"https:\/\/yogcham-sangh-asso.fr\/index.php\/2026\/04\/25\/weekend-au-lac-du-der-sam-19-sept-dim-20-sept-marne-51\/","title":{"rendered":"Weekend au Lac du Der \u2013 Sam 19 sept Dim 20 sept \u2013 Marne 51"},"content":{"rendered":"<div class=\"wp-block-image\">\n<figure class=\"aligncenter size-large is-resized\"><img loading=\"lazy\" decoding=\"async\" width=\"1024\" height=\"768\" src=\"https:\/\/yogcham-sangh-asso.fr\/wp-content\/uploads\/2026\/04\/LAC-DU-DER-we-ysa-1024x768.jpeg\" alt=\"\" class=\"wp-image-316\" style=\"width:335px;height:auto\" srcset=\"https:\/\/yogcham-sangh-asso.fr\/wp-content\/uploads\/2026\/04\/LAC-DU-DER-we-ysa-1024x768.jpeg 1024w, https:\/\/yogcham-sangh-asso.fr\/wp-content\/uploads\/2026\/04\/LAC-DU-DER-we-ysa-300x225.jpeg 300w, https:\/\/yogcham-sangh-asso.fr\/wp-content\/uploads\/2026\/04\/LAC-DU-DER-we-ysa-768x576.jpeg 768w, https:\/\/yogcham-sangh-asso.fr\/wp-content\/uploads\/2026\/04\/LAC-DU-DER-we-ysa-1536x1152.jpeg 1536w, https:\/\/yogcham-sangh-asso.fr\/wp-content\/uploads\/2026\/04\/LAC-DU-DER-we-ysa.jpeg 2016w\" sizes=\"auto, (max-width: 1024px) 100vw, 1024px\" \/><\/figure>\n<\/div>\n\n\n<p>Week-end Nature au Lac du Der<br>18 &amp; 19 septembre 2026<\/p>\n\n\n\n<p>La proposition : un week-end tout en douceur en nature, au Lac du Der-Chantecoq (51)<\/p>\n\n\n\n<p>Au programme :<br>Caroline nous fera d\u00e9couvrir un lieu et une pratique qu&rsquo;elle affectionne particuli\u00e8rement \u00e0 travers le bain de for\u00eat<\/p>\n\n\n\n<p>Beno\u00eet nous proposera une randonn\u00e9e \u00e0 travers les chemins du lac et des espaces naturels environnants<\/p>\n\n\n\n<p>L\u2019id\u00e9e : partager des moments simples pour se reconnecter \u00e0 soi, aux autres et \u00e0 la nature.<\/p>\n\n\n\n<p>Nous envisageons la possibilit\u00e9 de passer la nuit en camping pour profiter de l\u2019exp\u00e9rience.<\/p>\n\n\n\n<p>D&rsquo;autres temps s&rsquo;ajouteront au fil de la cocreation de ce joyeux week-end!<\/p>\n","protected":false},"excerpt":{"rendered":"<p>Week-end Nature au Lac du Der18 &amp; 19 septembre 2026 La proposition : un week-end tout en douceur en nature, au Lac du Der-Chantecoq (51) Au programme :Caroline nous fera d\u00e9couvrir un lieu et une pratique qu&rsquo;elle affectionne particuli\u00e8rement \u00e0 &hellip; <a href=\"https:\/\/yogcham-sangh-asso.fr\/index.php\/2026\/04\/25\/weekend-au-lac-du-der-sam-19-sept-dim-20-sept-marne-51\/\">Lire la suite\u00ad\u00ad<\/a><\/p>\n","protected":false},"author":1,"featured_media":0,"comment_status":"open","ping_status":"open","sticky":false,"template":"","format":"standard","meta":{"kt_blocks_editor_width":"","footnotes":""},"categories":[1],"tags":[],"class_list":["post-303","post","type-post","status-publish","format-standard","hentry","category-non-classe"],"_links":{"self":[{"href":"https:\/\/yogcham-sangh-asso.fr\/index.php\/wp-json\/wp\/v2\/posts\/303","targetHints":{"allow":["GET"]}}],"collection":[{"href":"https:\/\/yogcham-sangh-asso.fr\/index.php\/wp-json\/wp\/v2\/posts"}],"about":[{"href":"https:\/\/yogcham-sangh-asso.fr\/index.php\/wp-json\/wp\/v2\/types\/post"}],"author":[{"embeddable":true,"href":"https:\/\/yogcham-sangh-asso.fr\/index.php\/wp-json\/wp\/v2\/users\/1"}],"replies":[{"embeddable":true,"href":"https:\/\/yogcham-sangh-asso.fr\/index.php\/wp-json\/wp\/v2\/comments?post=303"}],"version-history":[{"count":2,"href":"https:\/\/yogcham-sangh-asso.fr\/index.php\/wp-json\/wp\/v2\/posts\/303\/revisions"}],"predecessor-version":[{"id":318,"href":"https:\/\/yogcham-sangh-asso.fr\/index.php\/wp-json\/wp\/v2\/posts\/303\/revisions\/318"}],"wp:attachment":[{"href":"https:\/\/yogcham-sangh-asso.fr\/index.php\/wp-json\/wp\/v2\/media?parent=303"}],"wp:term":[{"taxonomy":"category","embeddable":true,"href":"https:\/\/yogcham-sangh-asso.fr\/index.php\/wp-json\/wp\/v2\/categories?post=303"},{"taxonomy":"post_tag","embeddable":true,"href":"https:\/\/yogcham-sangh-asso.fr\/index.php\/wp-json\/wp\/v2\/tags?post=303"}],"curies":[{"name":"wp","href":"https:\/\/api.w.org\/{rel}","templated":true}]}}